{"id":127,"date":"2004-07-06T10:23:13","date_gmt":"2004-07-06T09:23:13","guid":{"rendered":"http:\/\/sainthuitre.free.fr\/wordpress\/?p=127"},"modified":"2024-03-30T15:21:40","modified_gmt":"2024-03-30T14:21:40","slug":"qui-est-jean-felix-marecaux-06072004","status":"publish","type":"post","link":"https:\/\/www.sainthuitre.net\/blog\/2004\/07\/06\/qui-est-jean-felix-marecaux-06072004\/","title":{"rendered":"Qui est Jean F\u00e9lix Mar\u00e9caux ? 06072004"},"content":{"rendered":"<p>QUi est Jean F\u00e9lix Mar\u00e9caux ?<\/p>\n<p>Jean F\u00e9lix Mar\u00e9caux est mort le mardi 6 juillet 2004<br \/>\n\u00e0 19h13 d&rsquo;un arr\u00eat cardiaque alors qu&rsquo;il sortait<br \/>\ndu caf\u00e9 \u00ab\u00a0le 89\u00a0\u00bb dans un \u00e9tat d&rsquo;\u00e9bri\u00e9t\u00e9 avanc\u00e9.<\/p>\n<p>Rien ne pouvait laisser pr\u00e9sager ce drame d&rsquo;ampleur<br \/>\nd\u00e9partementale, en regroupant les derni\u00e8res informations<br \/>\nobtenues \u00e0 propos du jeune artiste peintre lillois.<br \/>\nEn effet, cet arr\u00eat cardiaque intervient alors m\u00eame<br \/>\nqu&rsquo;une carri\u00e8re prometteuse de professeur de rase campagne<br \/>\ns&rsquo;offrait \u00e0 lui. Au commissariat de police central de Lille<br \/>\nla th\u00e8se du suicide et celle du meutre ont \u00e9t\u00e9 retenues.<br \/>\nLes inspecteurs sont actuellement sur la piste de la<br \/>\nmyst\u00e9rieuse mademoiselle N. Elle pourrait, d&rsquo;apr\u00e8s les<br \/>\nenqu\u00eateurs, \u00eatre \u00e0 l&rsquo;origine du rapt cardiaque.<\/p>\n<p>Affaire \u00e0 suivre donc dans les jours \u00e0 venir.<\/p>\n","protected":false},"excerpt":{"rendered":"<p>QUi est Jean F\u00e9lix Mar\u00e9caux ? Jean F\u00e9lix Mar\u00e9caux est mort le mardi 6 juillet 2004 \u00e0 19h13 d&rsquo;un arr\u00eat cardiaque alors qu&rsquo;il sortait du caf\u00e9 \u00ab\u00a0le 89\u00a0\u00bb dans un \u00e9tat d&rsquo;\u00e9bri\u00e9t\u00e9 avanc\u00e9. Rien ne pouvait laisser pr\u00e9sager ce drame d&rsquo;ampleur d\u00e9partementale, en regroupant les derni\u00e8res informations obtenues \u00e0 propos du jeune artiste peintre lillois. [&hellip;]<\/p>\n","protected":false},"author":1,"featured_media":0,"comment_status":"open","ping_status":"open","sticky":false,"template":"","format":"standard","meta":{"ngg_post_thumbnail":0,"_themeisle_gutenberg_block_has_review":false,"jetpack_post_was_ever_published":false,"_jetpack_newsletter_access":"","_jetpack_dont_email_post_to_subs":false,"_jetpack_newsletter_tier_id":0,"_jetpack_memberships_contains_paywalled_content":false,"footnotes":"","_jetpack_memberships_contains_paid_content":false,"jetpack_publicize_message":"","jetpack_publicize_feature_enabled":true,"jetpack_social_post_already_shared":false,"jetpack_social_options":{"image_generator_settings":{"template":"highway","enabled":false},"version":2}},"categories":[11],"tags":[],"jetpack_publicize_connections":[],"jetpack_featured_media_url":"","jetpack_sharing_enabled":true,"jetpack_shortlink":"https:\/\/wp.me\/p7FZF0-23","jetpack-related-posts":[],"_links":{"self":[{"href":"https:\/\/www.sainthuitre.net\/blog\/wp-json\/wp\/v2\/posts\/127"}],"collection":[{"href":"https:\/\/www.sainthuitre.net\/blog\/wp-json\/wp\/v2\/posts"}],"about":[{"href":"https:\/\/www.sainthuitre.net\/blog\/wp-json\/wp\/v2\/types\/post"}],"author":[{"embeddable":true,"href":"https:\/\/www.sainthuitre.net\/blog\/wp-json\/wp\/v2\/users\/1"}],"replies":[{"embeddable":true,"href":"https:\/\/www.sainthuitre.net\/blog\/wp-json\/wp\/v2\/comments?post=127"}],"version-history":[{"count":1,"href":"https:\/\/www.sainthuitre.net\/blog\/wp-json\/wp\/v2\/posts\/127\/revisions"}],"predecessor-version":[{"id":3668,"href":"https:\/\/www.sainthuitre.net\/blog\/wp-json\/wp\/v2\/posts\/127\/revisions\/3668"}],"wp:attachment":[{"href":"https:\/\/www.sainthuitre.net\/blog\/wp-json\/wp\/v2\/media?parent=127"}],"wp:term":[{"taxonomy":"category","embeddable":true,"href":"https:\/\/www.sainthuitre.net\/blog\/wp-json\/wp\/v2\/categories?post=127"},{"taxonomy":"post_tag","embeddable":true,"href":"https:\/\/www.sainthuitre.net\/blog\/wp-json\/wp\/v2\/tags?post=127"}],"curies":[{"name":"wp","href":"https:\/\/api.w.org\/{rel}","templated":true}]}}